{"id":450,"date":"2025-03-25T16:25:15","date_gmt":"2025-03-25T15:25:15","guid":{"rendered":"https:\/\/groupegz.fr\/?p=450"},"modified":"2025-03-26T17:25:47","modified_gmt":"2025-03-26T16:25:47","slug":"portrait-entrepreneur-stephanie-dauvet","status":"publish","type":"post","link":"https:\/\/groupegz.fr\/index.php\/2025\/03\/25\/portrait-entrepreneur-stephanie-dauvet\/","title":{"rendered":"Portrait entrepreneur : St\u00e9phanie Dauvet"},"content":{"rendered":"\t\t<div data-elementor-type=\"wp-post\" data-elementor-id=\"450\" class=\"elementor elementor-450\">\n\t\t\t\t<div class=\"elementor-element elementor-element-4603a8c e-flex e-con-boxed e-con e-parent\" data-id=\"4603a8c\" data-element_type=\"container\" data-e-type=\"container\">\n\t\t\t\t\t<div class=\"e-con-inner\">\n\t\t<div class=\"elementor-element elementor-element-b241424 e-con-full e-flex e-con e-child\" data-id=\"b241424\" data-element_type=\"container\" data-e-type=\"container\">\n\t\t\t\t<div class=\"elementor-element elementor-element-e532ca2 elementor-view-default elementor-widget elementor-widget-icon\" data-id=\"e532ca2\" data-element_type=\"widget\" data-e-type=\"widget\" data-widget_type=\"icon.default\">\n\t\t\t\t<div class=\"elementor-widget-container\">\n\t\t\t\t\t\t\t<div class=\"elementor-icon-wrapper\">\n\t\t\t<a class=\"elementor-icon\" href=\"https:\/\/groupegz.fr\/index.php\/2025\/03\/20\/groupegz-actioncoach-le-bizx-2024\/\">\n\t\t\t<svg aria-hidden=\"true\" class=\"e-font-icon-svg e-fas-arrow-alt-circle-left\" viewBox=\"0 0 512 512\" xmlns=\"http:\/\/www.w3.org\/2000\/svg\"><path d=\"M256 504C119 504 8 393 8 256S119 8 256 8s248 111 248 248-111 248-248 248zm116-292H256v-70.9c0-10.7-13-16.1-20.5-8.5L121.2 247.5c-4.7 4.7-4.7 12.2 0 16.9l114.3 114.9c7.6 7.6 20.5 2.2 20.5-8.5V300h116c6.6 0 12-5.4 12-12v-64c0-6.6-5.4-12-12-12z\"><\/path><\/svg>\t\t\t<\/a>\n\t\t<\/div>\n\t\t\t\t\t\t<\/div>\n\t\t\t\t<\/div>\n\t\t\t\t<\/div>\n\t\t<div class=\"elementor-element elementor-element-36a780c e-con-full e-flex e-con e-child\" data-id=\"36a780c\" data-element_type=\"container\" data-e-type=\"container\">\n\t\t\t\t<div class=\"elementor-element elementor-element-4311232 elementor-widget elementor-widget-heading\" data-id=\"4311232\" data-element_type=\"widget\" data-e-type=\"widget\" data-widget_type=\"heading.default\">\n\t\t\t\t<div class=\"elementor-widget-container\">\n\t\t\t\t\t<h3 class=\"elementor-heading-title elementor-size-default\">Magazine n\u00b016<\/h3>\t\t\t\t<\/div>\n\t\t\t\t<\/div>\n\t\t\t\t<div class=\"elementor-element elementor-element-63bb542 elementor-widget elementor-widget-heading\" data-id=\"63bb542\" data-element_type=\"widget\" data-e-type=\"widget\" data-widget_type=\"heading.default\">\n\t\t\t\t<div class=\"elementor-widget-container\">\n\t\t\t\t\t<h5 class=\"elementor-heading-title elementor-size-default\"><a href=\"https:\/\/groupegz.fr\/index.php\/magazine-16\/\">Revenir au sommaire<\/a><\/h5>\t\t\t\t<\/div>\n\t\t\t\t<\/div>\n\t\t\t\t<\/div>\n\t\t<div class=\"elementor-element elementor-element-5af490f e-con-full e-flex e-con e-child\" data-id=\"5af490f\" data-element_type=\"container\" data-e-type=\"container\">\n\t\t\t\t<div class=\"elementor-element elementor-element-64b32ab elementor-view-default elementor-widget elementor-widget-icon\" data-id=\"64b32ab\" data-element_type=\"widget\" data-e-type=\"widget\" data-widget_type=\"icon.default\">\n\t\t\t\t<div class=\"elementor-widget-container\">\n\t\t\t\t\t\t\t<div class=\"elementor-icon-wrapper\">\n\t\t\t<a class=\"elementor-icon\" href=\"https:\/\/groupegz.fr\/index.php\/2025\/03\/25\/1-livre-un-apprentissage\/\">\n\t\t\t<svg aria-hidden=\"true\" class=\"e-font-icon-svg e-fas-arrow-alt-circle-right\" viewBox=\"0 0 512 512\" xmlns=\"http:\/\/www.w3.org\/2000\/svg\"><path d=\"M256 8c137 0 248 111 248 248S393 504 256 504 8 393 8 256 119 8 256 8zM140 300h116v70.9c0 10.7 13 16.1 20.5 8.5l114.3-114.9c4.7-4.7 4.7-12.2 0-16.9l-114.3-115c-7.6-7.6-20.5-2.2-20.5 8.5V212H140c-6.6 0-12 5.4-12 12v64c0 6.6 5.4 12 12 12z\"><\/path><\/svg>\t\t\t<\/a>\n\t\t<\/div>\n\t\t\t\t\t\t<\/div>\n\t\t\t\t<\/div>\n\t\t\t\t<\/div>\n\t\t\t\t\t<\/div>\n\t\t\t\t<\/div>\n\t\t<div class=\"elementor-element elementor-element-a0369da e-con-full e-flex e-con e-parent\" data-id=\"a0369da\" data-element_type=\"container\" data-e-type=\"container\">\n\t\t\t\t<div class=\"elementor-element elementor-element-736d59d elementor-widget elementor-widget-heading\" data-id=\"736d59d\" data-element_type=\"widget\" data-e-type=\"widget\" data-widget_type=\"heading.default\">\n\t\t\t\t<div class=\"elementor-widget-container\">\n\t\t\t\t\t<h2 class=\"elementor-heading-title elementor-size-default\">Portrait entrepreneur : St\u00e9phanie Dauvet<\/h2>\t\t\t\t<\/div>\n\t\t\t\t<\/div>\n\t\t\t\t<\/div>\n\t\t<div class=\"elementor-element elementor-element-79653c6 e-con-full e-flex e-con e-parent\" data-id=\"79653c6\" data-element_type=\"container\" data-e-type=\"container\">\n\t\t\t\t<div class=\"elementor-element elementor-element-c764d58 elementor-widget elementor-widget-heading\" data-id=\"c764d58\" data-element_type=\"widget\" data-e-type=\"widget\" data-widget_type=\"heading.default\">\n\t\t\t\t<div class=\"elementor-widget-container\">\n\t\t\t\t\t<h3 class=\"elementor-heading-title elementor-size-default\">De la coiffure \u00e0 l'entrepreunariat<\/h3>\t\t\t\t<\/div>\n\t\t\t\t<\/div>\n\t\t\t\t<\/div>\n\t\t<div class=\"elementor-element elementor-element-295b6120 e-con-full e-flex e-con e-parent\" data-id=\"295b6120\" data-element_type=\"container\" data-e-type=\"container\">\n\t\t\t\t<div class=\"elementor-element elementor-element-367563ee elementor-widget elementor-widget-text-editor\" data-id=\"367563ee\" data-element_type=\"widget\" data-e-type=\"widget\" data-widget_type=\"text-editor.default\">\n\t\t\t\t<div class=\"elementor-widget-container\">\n\t\t\t\t\t\t\t\t\t<p><strong>Bonjour St\u00e9phanie DAUVET, pouvez-vous nous parler de votre parcours ?<\/strong><\/p>\n<p><!-- \/wp:paragraph --><!-- wp:paragraph --><\/p>\n<p>Je suis g\u00e9rante d\u2019un salon de coiffure situ\u00e9 \u00e0 Sevran depuis 2008.<br \/>Tout a d\u00e9marr\u00e9 \u00e0 l&rsquo;adolescence ! A cette p\u00e9riode de ma vie, j\u2019ai compris que l\u2019\u00e9cole traditionnelle ne me conviendrait pas. J\u2019ai alors choisi de m\u2019orienter vers un parcours de formation professionnel en coiffure. Apr\u00e8s l\u2019obtention de mes dipl\u00f4mes, j\u2019ai int\u00e9gr\u00e9 un premier salon.<br \/>Par la suite, j\u2019ai poursuivi tous les cursus de formation propos\u00e9s par L\u2019Or\u00e9al, ce qui m\u2019a permis de me perfectionner dans mon m\u00e9tier. Cette p\u00e9riode a \u00e9t\u00e9 marqu\u00e9e par des exp\u00e9riences enrichissantes, notamment dans une grande cha\u00eene de salons et dans des environnements plus artistiques, comme le coiffage pour des \u00e9v\u00e9nements sp\u00e9ciaux et des mariages.<\/p>\n<p><!-- \/wp:paragraph --><!-- wp:paragraph --><\/p>\n<p><!-- \/wp:paragraph --><!-- wp:paragraph --><\/p>\n<p><!-- \/wp:paragraph --><!-- wp:paragraph --><\/p>\n<p><strong>Quelles ont \u00e9t\u00e9 vos motivations pour vous lancer dans l\u2019entrepreneuriat et ouvrir votre salon de coiffure?<\/strong><\/p>\n<p><!-- \/wp:paragraph --><!-- wp:paragraph --><\/p>\n<p>Apr\u00e8s avoir explor\u00e9 diff\u00e9rents types de salons et acquis une solide exp\u00e9rience, j\u2019ai ressenti le besoin de cr\u00e9er mon propre univers. Je voulais appliquer tout ce que j\u2019avais appris et disposer de la libert\u00e9 de d\u00e9cider de la direction \u00e0 donner \u00e0 mon activit\u00e9 professionnelle.<br \/>La finalit\u00e9 de mon projet entrepreneurial \u00e9tait de proposer une approche personnelle et diff\u00e9rente dans le domaine de la coiffure.<\/p>\n<p><!-- \/wp:paragraph --><!-- wp:paragraph --><\/p>\n<p><!-- \/wp:paragraph --><!-- wp:paragraph --><\/p>\n<p><strong>Quels ont \u00e9t\u00e9 les premiers d\u00e9fis rencontr\u00e9s en tant que cheffe d\u2019entreprise ?<\/strong><\/p>\n<p><!-- \/wp:paragraph --><!-- wp:paragraph --><\/p>\n<p>J\u2019ai fait face \u00e0 de nombreux d\u00e9fis, notamment sur le plan administratif. Je n\u2019avais aucune exp\u00e9rience en gestion d\u2019entreprise, que ce soit en comptabilit\u00e9, en droit ou en management. La complexit\u00e9 des d\u00e9marches administratives combin\u00e9e \u00e0 la gestion des travaux pour transformer un ancien local en salon de coiffure furent un v\u00e9ritable casse-t\u00eate. Par ailleurs, la transition du statut de salari\u00e9e \u00e0 celui de cheffe d\u2019entreprise a \u00e9t\u00e9 un v\u00e9ritable apprentissage, en particulier dans le domaine du management d\u2019\u00e9quipe.<\/p>\n<p><!-- \/wp:paragraph --><!-- wp:paragraph --><\/p>\n<p><!-- \/wp:paragraph --><\/p>\t\t\t\t\t\t\t\t<\/div>\n\t\t\t\t<\/div>\n\t\t<div class=\"elementor-element elementor-element-4c6d63f e-con-full e-flex e-con e-child\" data-id=\"4c6d63f\" data-element_type=\"container\" data-e-type=\"container\">\n\t\t\t\t<div class=\"elementor-element elementor-element-50d1ccd elementor-widget__width-initial elementor-widget elementor-widget-image\" data-id=\"50d1ccd\" data-element_type=\"widget\" data-e-type=\"widget\" data-widget_type=\"image.default\">\n\t\t\t\t<div class=\"elementor-widget-container\">\n\t\t\t\t\t\t\t\t\t\t\t\t\t\t\t<img fetchpriority=\"high\" decoding=\"async\" width=\"724\" height=\"1024\" src=\"https:\/\/groupegz.fr\/wp-content\/uploads\/2025\/03\/stephaniedauvet-724x1024.webp\" class=\"attachment-large size-large wp-image-604\" alt=\"\" srcset=\"https:\/\/groupegz.fr\/wp-content\/uploads\/2025\/03\/stephaniedauvet-724x1024.webp 724w, https:\/\/groupegz.fr\/wp-content\/uploads\/2025\/03\/stephaniedauvet-212x300.webp 212w, https:\/\/groupegz.fr\/wp-content\/uploads\/2025\/03\/stephaniedauvet-768x1086.webp 768w, https:\/\/groupegz.fr\/wp-content\/uploads\/2025\/03\/stephaniedauvet-1086x1536.webp 1086w, https:\/\/groupegz.fr\/wp-content\/uploads\/2025\/03\/stephaniedauvet-1448x2048.webp 1448w, https:\/\/groupegz.fr\/wp-content\/uploads\/2025\/03\/stephaniedauvet.webp 1754w\" sizes=\"(max-width: 724px) 100vw, 724px\" \/>\t\t\t\t\t\t\t\t\t\t\t\t\t\t\t<\/div>\n\t\t\t\t<\/div>\n\t\t\t\t<\/div>\n\t\t\t\t<\/div>\n\t\t<div class=\"elementor-element elementor-element-127eb98 e-con-full e-flex e-con e-parent\" data-id=\"127eb98\" data-element_type=\"container\" data-e-type=\"container\">\n\t\t<div class=\"elementor-element elementor-element-2e0e193 e-con-full e-flex e-con e-child\" data-id=\"2e0e193\" data-element_type=\"container\" data-e-type=\"container\">\n\t\t\t\t<div class=\"elementor-element elementor-element-ce55d8e elementor-widget__width-initial elementor-widget elementor-widget-text-editor\" data-id=\"ce55d8e\" data-element_type=\"widget\" data-e-type=\"widget\" data-widget_type=\"text-editor.default\">\n\t\t\t\t<div class=\"elementor-widget-container\">\n\t\t\t\t\t\t\t\t\t<p><strong>Avez-vous suivi une formation en gestion d\u2019entreprise avant de vous lancer ?<\/strong><\/p>\n<p>Non, je me suis lanc\u00e9e sans formation pr\u00e9alable en gestion. Les deux premi\u00e8res ann\u00e9es, j\u2019ai improvis\u00e9 et appris sur le terrain. Ce n\u2019est qu\u2019ensuite que j\u2019ai suivi des formations avec L\u2019Or\u00e9al en comptabilit\u00e9 et management, ce qui m\u2019a beaucoup aid\u00e9e. En 2009, j\u2019ai aussi chang\u00e9 de comptable pour int\u00e9grer un cabinet qui m\u2019a offert un accompagnement complet, incluant des bilans financiers et des conseils juridiques. Cela a marqu\u00e9 un tournant dans ma mani\u00e8re de g\u00e9rer mon entreprise.<\/p>\n<p><strong>Qu\u2019est-ce qui vous a motiv\u00e9 \u00e0 suivre <\/strong><strong>une formation sur les fondamentaux du business ?<\/strong><\/p>\n<p>En atteignant un palier dans mon r\u00f4le entrepreneurial, j\u2019ai ressenti le besoin de trouver des solutions nouvelles pour mon entreprise. Je ne savais plus comment concr\u00e9tiser certaines id\u00e9es. La formation \u00ab\u00a0Business MasterClass\u00a0\u00bb m\u2019a apport\u00e9 une nouvelle vision, m\u2019a appris \u00e0 fixer des objectifs clairs et \u00e0 \u00e9laborer des plans d\u2019action efficaces. Cela m\u2019a \u00e9galement donn\u00e9 un regain d\u2019\u00e9nergie et d\u2019enthousiasme pour innover.<\/p>\n<p><strong>Quels sont les b\u00e9n\u00e9fices concrets de cette formation ?<\/strong><\/p>\n<p>Les changements ont \u00e9t\u00e9 imm\u00e9diats. Chaque semaine, je mets en place des actions concr\u00e8tes comme par exemple : des objectifs financiers pr\u00e9cis, promotions, publicit\u00e9, r\u00e9vision des tarifs. un autre effet important de ses initiatives : cela a boost\u00e9 mon \u00e9quipe, qui s\u2019est davantage investie dans la performance de l\u2019entreprise au quotidien. De plus, j\u2019ai diversifi\u00e9 mes services en investissant dans de nouveaux \u00e9quipements, ce qui a attir\u00e9 de nouveaux clients et augment\u00e9 le chiffre d\u2019affaires.<\/p>\n<p><strong>Quelles comp\u00e9tences entrepreneuriales avez-vous d\u00fb d\u00e9velopper ?<\/strong><\/p>\n<p>La cl\u00e9 est de continuer \u00e0 apprendre chaque jour. Il faut rester adaptable, \u00eatre \u00e0 l\u2019\u00e9coute des \u00e9volutions de la soci\u00e9t\u00e9 et des attentes des collaborateurs. Les jeunes g\u00e9n\u00e9rations ne fonctionnent pas comme celles d\u2019il y a 30 ans : elles souhaitent voir du changement et \u00e9voluer rapidement.<\/p>\n<p><strong>Aujourd\u2019hui, comment recrutez-vous et constituez-vous votre \u00e9quipe ?<\/strong><\/p>\n<p>Recruter dans le secteur de la coiffure est devenu tr\u00e8s difficile. J\u2019ai donc adopt\u00e9 une strat\u00e9gie de formation interne : accueillir des apprentis, les former et les fid\u00e9liser.. Aujourd\u2019hui, tous les membres de mon \u00e9quipe sont des jeunes que j\u2019ai form\u00e9s, dont ma manager qui a commenc\u00e9 \u00e0 14 ans et travaille avec moi depuis pr\u00e8s de 20 ans.<\/p>\n<p><strong>Quels conseils donneriez-vous \u00e0 un jeune entrepreneur qui souhaite ouvrir un salon de coiffure ?<\/strong><\/p>\n<p>Je lui recommanderais de bien s\u2019entourer, notamment en collaborant avec un comptable comp\u00e9tent dot\u00e9 de solides connaissances juridique, de se former r\u00e9guli\u00e8rement pour rester \u00e0 jour et d\u00e9velopper de nouvelles comp\u00e9tences,de proposer des services de qualit\u00e9 est indispensable pour b\u00e2tir une relation durable et fid\u00e9liser sa client\u00e8le. Enfin, une analyse rigoureuse des chiffres permet de d\u00e9finir une tarification juste et rentable.<\/p>\n<p><strong>Quels sont vos projets d\u2019avenir ?<\/strong><\/p>\n<p>Aujourd&rsquo;hui, mon objectif principal est de poursuivre le d\u00e9veloppement de mon patrimoine immobilier et de transmettre le salon \u00e0 la jeune g\u00e9n\u00e9ration que j\u2019ai form\u00e9e. Ouvrir un deuxi\u00e8me salon ne figure pas dans mes projets, sauf dans le cadre d\u2019un partenariat avec un collaborateur form\u00e9 par mes soins.<\/p>\t\t\t\t\t\t\t\t<\/div>\n\t\t\t\t<\/div>\n\t\t\t\t<\/div>\n\t\t<div class=\"elementor-element elementor-element-bdfc810 e-con-full e-flex e-con e-child\" data-id=\"bdfc810\" data-element_type=\"container\" data-e-type=\"container\">\n\t\t\t\t<div class=\"elementor-element elementor-element-283cd03 elementor-widget elementor-widget-image\" data-id=\"283cd03\" data-element_type=\"widget\" data-e-type=\"widget\" data-widget_type=\"image.default\">\n\t\t\t\t<div class=\"elementor-widget-container\">\n\t\t\t\t\t\t\t\t\t\t\t\t\t\t\t<img decoding=\"async\" width=\"724\" height=\"1024\" src=\"https:\/\/groupegz.fr\/wp-content\/uploads\/2025\/03\/stephaniedauvet2-724x1024.webp\" class=\"attachment-large size-large wp-image-605\" alt=\"\" srcset=\"https:\/\/groupegz.fr\/wp-content\/uploads\/2025\/03\/stephaniedauvet2-724x1024.webp 724w, https:\/\/groupegz.fr\/wp-content\/uploads\/2025\/03\/stephaniedauvet2-212x300.webp 212w, https:\/\/groupegz.fr\/wp-content\/uploads\/2025\/03\/stephaniedauvet2-768x1086.webp 768w, https:\/\/groupegz.fr\/wp-content\/uploads\/2025\/03\/stephaniedauvet2-1086x1536.webp 1086w, https:\/\/groupegz.fr\/wp-content\/uploads\/2025\/03\/stephaniedauvet2-1448x2048.webp 1448w, https:\/\/groupegz.fr\/wp-content\/uploads\/2025\/03\/stephaniedauvet2.webp 1754w\" sizes=\"(max-width: 724px) 100vw, 724px\" \/>\t\t\t\t\t\t\t\t\t\t\t\t\t\t\t<\/div>\n\t\t\t\t<\/div>\n\t\t\t\t<\/div>\n\t\t\t\t<\/div>\n\t\t<div class=\"elementor-element elementor-element-a9ded60 e-flex e-con-boxed e-con e-parent\" data-id=\"a9ded60\" data-element_type=\"container\" data-e-type=\"container\">\n\t\t\t\t\t<div class=\"e-con-inner\">\n\t\t<div class=\"elementor-element elementor-element-e50c65b e-con-full e-flex e-con e-child\" data-id=\"e50c65b\" data-element_type=\"container\" data-e-type=\"container\">\n\t\t\t\t<div class=\"elementor-element elementor-element-01d0529 elementor-view-default elementor-widget elementor-widget-icon\" data-id=\"01d0529\" data-element_type=\"widget\" data-e-type=\"widget\" data-widget_type=\"icon.default\">\n\t\t\t\t<div class=\"elementor-widget-container\">\n\t\t\t\t\t\t\t<div class=\"elementor-icon-wrapper\">\n\t\t\t<a class=\"elementor-icon\" href=\"https:\/\/groupegz.fr\/index.php\/2025\/03\/20\/groupegz-actioncoach-le-bizx-2024\/\">\n\t\t\t<svg aria-hidden=\"true\" class=\"e-font-icon-svg e-fas-arrow-alt-circle-left\" viewBox=\"0 0 512 512\" xmlns=\"http:\/\/www.w3.org\/2000\/svg\"><path d=\"M256 504C119 504 8 393 8 256S119 8 256 8s248 111 248 248-111 248-248 248zm116-292H256v-70.9c0-10.7-13-16.1-20.5-8.5L121.2 247.5c-4.7 4.7-4.7 12.2 0 16.9l114.3 114.9c7.6 7.6 20.5 2.2 20.5-8.5V300h116c6.6 0 12-5.4 12-12v-64c0-6.6-5.4-12-12-12z\"><\/path><\/svg>\t\t\t<\/a>\n\t\t<\/div>\n\t\t\t\t\t\t<\/div>\n\t\t\t\t<\/div>\n\t\t\t\t<\/div>\n\t\t<div class=\"elementor-element elementor-element-d0ef1c6 e-con-full e-flex e-con e-child\" data-id=\"d0ef1c6\" data-element_type=\"container\" data-e-type=\"container\">\n\t\t\t\t<div class=\"elementor-element elementor-element-2fa28df elementor-widget elementor-widget-heading\" data-id=\"2fa28df\" data-element_type=\"widget\" data-e-type=\"widget\" data-widget_type=\"heading.default\">\n\t\t\t\t<div class=\"elementor-widget-container\">\n\t\t\t\t\t<h3 class=\"elementor-heading-title elementor-size-default\">Magazine n\u00b016<\/h3>\t\t\t\t<\/div>\n\t\t\t\t<\/div>\n\t\t\t\t<div class=\"elementor-element elementor-element-73e0c31 elementor-widget elementor-widget-heading\" data-id=\"73e0c31\" data-element_type=\"widget\" data-e-type=\"widget\" data-widget_type=\"heading.default\">\n\t\t\t\t<div class=\"elementor-widget-container\">\n\t\t\t\t\t<h5 class=\"elementor-heading-title elementor-size-default\"><a href=\"https:\/\/groupegz.fr\/index.php\/magazine-16\/\">Revenir au sommaire<\/a><\/h5>\t\t\t\t<\/div>\n\t\t\t\t<\/div>\n\t\t\t\t<\/div>\n\t\t<div class=\"elementor-element elementor-element-76dd085 e-con-full e-flex e-con e-child\" data-id=\"76dd085\" data-element_type=\"container\" data-e-type=\"container\">\n\t\t\t\t<div class=\"elementor-element elementor-element-57d79ea elementor-view-default elementor-widget elementor-widget-icon\" data-id=\"57d79ea\" data-element_type=\"widget\" data-e-type=\"widget\" data-widget_type=\"icon.default\">\n\t\t\t\t<div class=\"elementor-widget-container\">\n\t\t\t\t\t\t\t<div class=\"elementor-icon-wrapper\">\n\t\t\t<a class=\"elementor-icon\" href=\"https:\/\/groupegz.fr\/index.php\/2025\/03\/25\/1-livre-un-apprentissage\/\">\n\t\t\t<svg aria-hidden=\"true\" class=\"e-font-icon-svg e-fas-arrow-alt-circle-right\" viewBox=\"0 0 512 512\" xmlns=\"http:\/\/www.w3.org\/2000\/svg\"><path d=\"M256 8c137 0 248 111 248 248S393 504 256 504 8 393 8 256 119 8 256 8zM140 300h116v70.9c0 10.7 13 16.1 20.5 8.5l114.3-114.9c4.7-4.7 4.7-12.2 0-16.9l-114.3-115c-7.6-7.6-20.5-2.2-20.5 8.5V212H140c-6.6 0-12 5.4-12 12v64c0 6.6 5.4 12 12 12z\"><\/path><\/svg>\t\t\t<\/a>\n\t\t<\/div>\n\t\t\t\t\t\t<\/div>\n\t\t\t\t<\/div>\n\t\t\t\t<\/div>\n\t\t\t\t\t<\/div>\n\t\t\t\t<\/div>\n\t\t\t\t<\/div>\n\t\t","protected":false},"excerpt":{"rendered":"<p>Magazine n\u00b016 Revenir au sommaire Portrait entrepreneur : St\u00e9phanie Dauvet De la coiffure \u00e0 l&rsquo;entrepreunariat Bonjour St\u00e9phanie DAUVET, pouvez-vous nous parler de votre parcours ?&hellip;<\/p>\n","protected":false},"author":2,"featured_media":604,"comment_status":"closed","ping_status":"open","sticky":false,"template":"","format":"standard","meta":{"footnotes":""},"categories":[18],"tags":[],"class_list":["post-450","post","type-post","status-publish","format-standard","has-post-thumbnail","hentry","category-magazine-n16"],"_links":{"self":[{"href":"https:\/\/groupegz.fr\/index.php\/wp-json\/wp\/v2\/posts\/450","targetHints":{"allow":["GET"]}}],"collection":[{"href":"https:\/\/groupegz.fr\/index.php\/wp-json\/wp\/v2\/posts"}],"about":[{"href":"https:\/\/groupegz.fr\/index.php\/wp-json\/wp\/v2\/types\/post"}],"author":[{"embeddable":true,"href":"https:\/\/groupegz.fr\/index.php\/wp-json\/wp\/v2\/users\/2"}],"replies":[{"embeddable":true,"href":"https:\/\/groupegz.fr\/index.php\/wp-json\/wp\/v2\/comments?post=450"}],"version-history":[{"count":11,"href":"https:\/\/groupegz.fr\/index.php\/wp-json\/wp\/v2\/posts\/450\/revisions"}],"predecessor-version":[{"id":679,"href":"https:\/\/groupegz.fr\/index.php\/wp-json\/wp\/v2\/posts\/450\/revisions\/679"}],"wp:featuredmedia":[{"embeddable":true,"href":"https:\/\/groupegz.fr\/index.php\/wp-json\/wp\/v2\/media\/604"}],"wp:attachment":[{"href":"https:\/\/groupegz.fr\/index.php\/wp-json\/wp\/v2\/media?parent=450"}],"wp:term":[{"taxonomy":"category","embeddable":true,"href":"https:\/\/groupegz.fr\/index.php\/wp-json\/wp\/v2\/categories?post=450"},{"taxonomy":"post_tag","embeddable":true,"href":"https:\/\/groupegz.fr\/index.php\/wp-json\/wp\/v2\/tags?post=450"}],"curies":[{"name":"wp","href":"https:\/\/api.w.org\/{rel}","templated":true}]}}