{"id":446,"date":"2025-03-20T17:41:47","date_gmt":"2025-03-20T16:41:47","guid":{"rendered":"https:\/\/groupegz.fr\/?p=446"},"modified":"2025-03-26T17:33:05","modified_gmt":"2025-03-26T16:33:05","slug":"regard-dun-franchise-alexis-garcia","status":"publish","type":"post","link":"https:\/\/groupegz.fr\/index.php\/2025\/03\/20\/regard-dun-franchise-alexis-garcia\/","title":{"rendered":"Regard d\u2019un franchis\u00e9 : Alexis Garcia"},"content":{"rendered":"\t\t<div data-elementor-type=\"wp-post\" data-elementor-id=\"446\" class=\"elementor elementor-446\">\n\t\t\t\t<div class=\"elementor-element elementor-element-a7a7e3f e-flex e-con-boxed e-con e-parent\" data-id=\"a7a7e3f\" data-element_type=\"container\" data-e-type=\"container\">\n\t\t\t\t\t<div class=\"e-con-inner\">\n\t\t<div class=\"elementor-element elementor-element-ceaac5c e-con-full e-flex e-con e-child\" data-id=\"ceaac5c\" data-element_type=\"container\" data-e-type=\"container\">\n\t\t\t\t<div class=\"elementor-element elementor-element-956531f elementor-view-default elementor-widget elementor-widget-icon\" data-id=\"956531f\" data-element_type=\"widget\" data-e-type=\"widget\" data-widget_type=\"icon.default\">\n\t\t\t\t<div class=\"elementor-widget-container\">\n\t\t\t\t\t\t\t<div class=\"elementor-icon-wrapper\">\n\t\t\t<a class=\"elementor-icon\" href=\"https:\/\/groupegz.fr\/index.php\/2025\/03\/20\/action-coach-interview-marc-william-attie\/\">\n\t\t\t<svg aria-hidden=\"true\" class=\"e-font-icon-svg e-fas-arrow-alt-circle-left\" viewBox=\"0 0 512 512\" xmlns=\"http:\/\/www.w3.org\/2000\/svg\"><path d=\"M256 504C119 504 8 393 8 256S119 8 256 8s248 111 248 248-111 248-248 248zm116-292H256v-70.9c0-10.7-13-16.1-20.5-8.5L121.2 247.5c-4.7 4.7-4.7 12.2 0 16.9l114.3 114.9c7.6 7.6 20.5 2.2 20.5-8.5V300h116c6.6 0 12-5.4 12-12v-64c0-6.6-5.4-12-12-12z\"><\/path><\/svg>\t\t\t<\/a>\n\t\t<\/div>\n\t\t\t\t\t\t<\/div>\n\t\t\t\t<\/div>\n\t\t\t\t<\/div>\n\t\t<div class=\"elementor-element elementor-element-7389ae5 e-con-full e-flex e-con e-child\" data-id=\"7389ae5\" data-element_type=\"container\" data-e-type=\"container\">\n\t\t\t\t<div class=\"elementor-element elementor-element-519f7d6 elementor-widget elementor-widget-heading\" data-id=\"519f7d6\" data-element_type=\"widget\" data-e-type=\"widget\" data-widget_type=\"heading.default\">\n\t\t\t\t<div class=\"elementor-widget-container\">\n\t\t\t\t\t<h3 class=\"elementor-heading-title elementor-size-default\">Magazine n\u00b016<\/h3>\t\t\t\t<\/div>\n\t\t\t\t<\/div>\n\t\t\t\t<div class=\"elementor-element elementor-element-cbc803d elementor-widget elementor-widget-heading\" data-id=\"cbc803d\" data-element_type=\"widget\" data-e-type=\"widget\" data-widget_type=\"heading.default\">\n\t\t\t\t<div class=\"elementor-widget-container\">\n\t\t\t\t\t<h5 class=\"elementor-heading-title elementor-size-default\"><a href=\"https:\/\/groupegz.fr\/index.php\/magazine-16\/\">Revenir au sommaire<\/a><\/h5>\t\t\t\t<\/div>\n\t\t\t\t<\/div>\n\t\t\t\t<\/div>\n\t\t<div class=\"elementor-element elementor-element-dc258a8 e-con-full e-flex e-con e-child\" data-id=\"dc258a8\" data-element_type=\"container\" data-e-type=\"container\">\n\t\t\t\t<div class=\"elementor-element elementor-element-4f726cb elementor-view-default elementor-widget elementor-widget-icon\" data-id=\"4f726cb\" data-element_type=\"widget\" data-e-type=\"widget\" data-widget_type=\"icon.default\">\n\t\t\t\t<div class=\"elementor-widget-container\">\n\t\t\t\t\t\t\t<div class=\"elementor-icon-wrapper\">\n\t\t\t<a class=\"elementor-icon\" href=\"https:\/\/groupegz.fr\/index.php\/2025\/03\/20\/groupegz-actioncoach-le-bizx-2024\/\">\n\t\t\t<svg aria-hidden=\"true\" class=\"e-font-icon-svg e-fas-arrow-alt-circle-right\" viewBox=\"0 0 512 512\" xmlns=\"http:\/\/www.w3.org\/2000\/svg\"><path d=\"M256 8c137 0 248 111 248 248S393 504 256 504 8 393 8 256 119 8 256 8zM140 300h116v70.9c0 10.7 13 16.1 20.5 8.5l114.3-114.9c4.7-4.7 4.7-12.2 0-16.9l-114.3-115c-7.6-7.6-20.5-2.2-20.5 8.5V212H140c-6.6 0-12 5.4-12 12v64c0 6.6 5.4 12 12 12z\"><\/path><\/svg>\t\t\t<\/a>\n\t\t<\/div>\n\t\t\t\t\t\t<\/div>\n\t\t\t\t<\/div>\n\t\t\t\t<\/div>\n\t\t\t\t\t<\/div>\n\t\t\t\t<\/div>\n\t\t<div class=\"elementor-element elementor-element-dc1a59f e-con-full e-flex e-con e-parent\" data-id=\"dc1a59f\" data-element_type=\"container\" data-e-type=\"container\">\n\t\t\t\t<div class=\"elementor-element elementor-element-8a59bab elementor-widget elementor-widget-heading\" data-id=\"8a59bab\" data-element_type=\"widget\" data-e-type=\"widget\" data-widget_type=\"heading.default\">\n\t\t\t\t<div class=\"elementor-widget-container\">\n\t\t\t\t\t<h2 class=\"elementor-heading-title elementor-size-default\">Regard d\u2019un franchis\u00e9 : Alexis Garcia<\/h2>\t\t\t\t<\/div>\n\t\t\t\t<\/div>\n\t\t\t\t<\/div>\n\t\t<div class=\"elementor-element elementor-element-2312cea7 e-flex e-con-boxed e-con e-parent\" data-id=\"2312cea7\" data-element_type=\"container\" data-e-type=\"container\">\n\t\t\t\t\t<div class=\"e-con-inner\">\n\t\t\t\t<div class=\"elementor-element elementor-element-7d2d3d52 elementor-widget elementor-widget-text-editor\" data-id=\"7d2d3d52\" data-element_type=\"widget\" data-e-type=\"widget\" data-widget_type=\"text-editor.default\">\n\t\t\t\t<div class=\"elementor-widget-container\">\n\t\t\t\t\t\t\t\t\t<p class=\"has-vivid-red-color has-text-color has-link-color\"><strong>Qu\u2019est-ce qui vous a personnellement pouss\u00e9 \u00e0 rejoindre ActionCOACH ? Quel a \u00e9t\u00e9 le d\u00e9clic entrepreneurial dans vos carri\u00e8res respectives ?<\/strong><\/p>\n<p><!-- \/wp:paragraph --><!-- wp:paragraph --><\/p>\n<p>Ma rencontre avec ActionCOACH remonte aux d\u00e9buts de mon cabinet d\u2019expertise comptable. C\u2019\u00e9tait un moment charni\u00e8re, o\u00f9 chaque d\u00e9cision comptait et o\u00f9 je cherchais \u00e0 structurer mon entreprise pour qu\u2019elle corresponde \u00e0 ma vision \u00e0 long terme. Gr\u00e2ce aux enseignements et aux outils d\u2019ActionCOACH, j\u2019ai pu b\u00e2tir une entreprise solide, \u00e9quilibr\u00e9e et align\u00e9e avec mes objectifs initiaux.<\/p>\n<p><!-- \/wp:paragraph --><!-- wp:paragraph --><\/p>\n<p>Quinze ans plus tard, alors qu\u2019ActionCOACH poursuivait son d\u00e9veloppement avec une approche de plus en plus organis\u00e9e, j\u2019ai ressenti un alignement naturel entre ma propre \u00e9volution et l\u2019opportunit\u00e9 de rejoindre cette \u00e9quipe.<\/p>\n<p><!-- \/wp:paragraph --><!-- wp:paragraph --><\/p>\n<p>Mon exp\u00e9rience accumul\u00e9e, une plus grande disponibilit\u00e9 et surtout l\u2019envie profonde de transmettre ce que j\u2019avais appris m\u2019ont convaincu de franchir le pas.<\/p>\n<p><!-- \/wp:paragraph --><!-- wp:paragraph --><\/p>\n<p>Aujourd\u2019hui, accompagner les entrepreneurs \u00e0 optimiser leur potentiel et structurer leur croissance est devenu ma mission.<\/p>\n<p><!-- \/wp:paragraph --><!-- wp:paragraph {\"style\":{\"elements\":{\"link\":{\"color\":{\"text\":\"var:preset|color|vivid-red\"}}}},\"textColor\":\"vivid-red\"} --><\/p>\n<p class=\"has-vivid-red-color has-text-color has-link-color\"><strong>Selon vous, quelles sont les qualit\u00e9s fondamentales que doit poss\u00e9der un entrepreneur pour r\u00e9ussir dans un environnement \u00e9conomique en constante \u00e9volution ?<\/strong><\/p>\n<p><!-- \/wp:paragraph --><!-- wp:paragraph --><\/p>\n<p>Le succ\u00e8s entrepreneurial repose sur plusieurs piliers essentiels. D\u2019abord, un \u00e9tat d\u2019esprit optimiste : la capacit\u00e9 \u00e0 voir les opportunit\u00e9s m\u00eame dans les p\u00e9riodes difficiles et \u00e0 rebondir face aux obstacles. Ensuite, une vision claire et diff\u00e9renciante de son activit\u00e9 : un entrepreneur doit savoir o\u00f9 il va et pourquoi il le fait.<\/p>\n<p><!-- \/wp:paragraph --><!-- wp:paragraph --><\/p>\n<p>L\u2019adaptabilit\u00e9 est aussi cruciale. Le monde \u00e9volue rapidement, et les entrepreneurs qui r\u00e9ussissent sont ceux qui se forment en continu, s\u2019entourent des bonnes personnes et ajustent leur strat\u00e9gie sans perdre leur cap.<\/p>\n<p><!-- \/wp:paragraph --><!-- wp:paragraph --><\/p>\n<p>Enfin, il ne faut jamais sous-estimer l\u2019importance du r\u00e9seau et des relations humaines : \u00eatre bien entour\u00e9 permet de s\u2019inspirer, d\u2019\u00e9changer des id\u00e9es et de b\u00e9n\u00e9ficier de conseils pr\u00e9cieux.<\/p>\n<p><!-- \/wp:paragraph --><!-- wp:paragraph {\"style\":{\"elements\":{\"link\":{\"color\":{\"text\":\"var:preset|color|vivid-red\"}}}},\"textColor\":\"vivid-red\"} --><\/p>\n<p class=\"has-vivid-red-color has-text-color has-link-color\">\u00a0<\/p>\n<p><!-- \/wp:paragraph --><\/p>\t\t\t\t\t\t\t\t<\/div>\n\t\t\t\t<\/div>\n\t\t<div class=\"elementor-element elementor-element-efc5f22 e-con-full e-flex e-con e-child\" data-id=\"efc5f22\" data-element_type=\"container\" data-e-type=\"container\">\n\t\t\t\t<div class=\"elementor-element elementor-element-9c48cba elementor-widget elementor-widget-image\" data-id=\"9c48cba\" data-element_type=\"widget\" data-e-type=\"widget\" data-widget_type=\"image.default\">\n\t\t\t\t<div class=\"elementor-widget-container\">\n\t\t\t\t\t\t\t\t\t\t\t\t\t\t\t<img fetchpriority=\"high\" decoding=\"async\" width=\"724\" height=\"1024\" src=\"https:\/\/groupegz.fr\/wp-content\/uploads\/2025\/03\/alexis-724x1024.webp\" class=\"attachment-large size-large wp-image-587\" alt=\"\" srcset=\"https:\/\/groupegz.fr\/wp-content\/uploads\/2025\/03\/alexis-724x1024.webp 724w, https:\/\/groupegz.fr\/wp-content\/uploads\/2025\/03\/alexis-212x300.webp 212w, https:\/\/groupegz.fr\/wp-content\/uploads\/2025\/03\/alexis-768x1086.webp 768w, https:\/\/groupegz.fr\/wp-content\/uploads\/2025\/03\/alexis-1086x1536.webp 1086w, https:\/\/groupegz.fr\/wp-content\/uploads\/2025\/03\/alexis-1448x2048.webp 1448w, https:\/\/groupegz.fr\/wp-content\/uploads\/2025\/03\/alexis.webp 1754w\" sizes=\"(max-width: 724px) 100vw, 724px\" \/>\t\t\t\t\t\t\t\t\t\t\t\t\t\t\t<\/div>\n\t\t\t\t<\/div>\n\t\t\t\t<\/div>\n\t\t\t\t\t<\/div>\n\t\t\t\t<\/div>\n\t\t<div class=\"elementor-element elementor-element-4459ba3 e-flex e-con-boxed e-con e-parent\" data-id=\"4459ba3\" data-element_type=\"container\" data-e-type=\"container\">\n\t\t\t\t\t<div class=\"e-con-inner\">\n\t\t<div class=\"elementor-element elementor-element-feb645a e-con-full e-flex e-con e-child\" data-id=\"feb645a\" data-element_type=\"container\" data-e-type=\"container\">\n\t\t\t\t<div class=\"elementor-element elementor-element-f45d5cc elementor-widget elementor-widget-text-editor\" data-id=\"f45d5cc\" data-element_type=\"widget\" data-e-type=\"widget\" data-widget_type=\"text-editor.default\">\n\t\t\t\t<div class=\"elementor-widget-container\">\n\t\t\t\t\t\t\t\t\t<p class=\"has-vivid-red-color has-text-color has-link-color\"><strong>Qu\u2019est-ce qui distingue l\u2019approche ActionCOACH des autres m\u00e9thodes de coaching entrepreneurial ?<\/strong><\/p>\n<p>ActionCOACH se distingue par une approche \u00e0 la fois structur\u00e9e et humaine. Nous ne nous contentons pas d\u2019apporter des conseils ou des outils ; nous cr\u00e9ons un v\u00e9ritable cadre de progression et de responsabilisation.<\/p>\n<p>Ce qui nous caract\u00e9rise particuli\u00e8rement, c\u2019est notre go\u00fbt pour l\u2019accompagnement en collectif. \u00c0 travers les groupes ActionBoard, nous avons d\u00e9velopp\u00e9 une m\u00e9thode unique, combinant les avantages d\u2019un conseil d\u2019administration mutualis\u00e9 et d\u2019un groupe de co-d\u00e9veloppement.<\/p>\n<p>Cette dynamique permet aux entrepreneurs d\u2019apprendre ensemble, de confronter leurs exp\u00e9riences et de prendre du recul sur leurs propres enjeux. Le partage d\u2019exp\u00e9riences et la richesse des interactions acc\u00e9l\u00e8rent leur progression et renforcent leur engagement.<\/p>\t\t\t\t\t\t\t\t<\/div>\n\t\t\t\t<\/div>\n\t\t\t\t<\/div>\n\t\t<div class=\"elementor-element elementor-element-ab5b1eb e-con-full e-flex e-con e-child\" data-id=\"ab5b1eb\" data-element_type=\"container\" data-e-type=\"container\">\n\t\t\t\t<div class=\"elementor-element elementor-element-f54cb59 elementor-widget elementor-widget-image\" data-id=\"f54cb59\" data-element_type=\"widget\" data-e-type=\"widget\" data-widget_type=\"image.default\">\n\t\t\t\t<div class=\"elementor-widget-container\">\n\t\t\t\t\t\t\t\t\t\t\t\t\t\t\t<img decoding=\"async\" width=\"843\" height=\"632\" src=\"https:\/\/groupegz.fr\/wp-content\/uploads\/2025\/03\/1734947087330-1-1024x768.webp\" class=\"attachment-large size-large wp-image-589\" alt=\"\" srcset=\"https:\/\/groupegz.fr\/wp-content\/uploads\/2025\/03\/1734947087330-1-1024x768.webp 1024w, https:\/\/groupegz.fr\/wp-content\/uploads\/2025\/03\/1734947087330-1-300x225.webp 300w, https:\/\/groupegz.fr\/wp-content\/uploads\/2025\/03\/1734947087330-1-768x576.webp 768w, https:\/\/groupegz.fr\/wp-content\/uploads\/2025\/03\/1734947087330-1-1536x1152.webp 1536w, https:\/\/groupegz.fr\/wp-content\/uploads\/2025\/03\/1734947087330-1.webp 2048w\" sizes=\"(max-width: 843px) 100vw, 843px\" \/>\t\t\t\t\t\t\t\t\t\t\t\t\t\t\t<\/div>\n\t\t\t\t<\/div>\n\t\t\t\t<\/div>\n\t\t\t\t\t<\/div>\n\t\t\t\t<\/div>\n\t\t<div class=\"elementor-element elementor-element-29e3de8 e-flex e-con-boxed e-con e-parent\" data-id=\"29e3de8\" data-element_type=\"container\" data-e-type=\"container\">\n\t\t\t\t\t<div class=\"e-con-inner\">\n\t\t\t\t<div class=\"elementor-element elementor-element-f3c670f elementor-widget elementor-widget-text-editor\" data-id=\"f3c670f\" data-element_type=\"widget\" data-e-type=\"widget\" data-widget_type=\"text-editor.default\">\n\t\t\t\t<div class=\"elementor-widget-container\">\n\t\t\t\t\t\t\t\t\t<p class=\"has-vivid-red-color has-text-color has-link-color\"><strong>Pouvez-vous partager un \u00e9chec marquant et la mani\u00e8re dont il a influenc\u00e9 votre approche du coaching et de l\u2019entrepreneuriat ?<\/strong><\/p>\n<p>L\u2019un des d\u00e9fis les plus d\u00e9licats en tant que coach est de trouver l\u2019\u00e9quilibre entre le soutien et le r\u00e9alisme. Je me souviens d\u2019un entrepreneur extr\u00eamement ambitieux qui s\u2019\u00e9tait lanc\u00e9 dans un plan d\u2019action sur le long terme.<\/p>\n<p>Nous avons voulu l\u2019encourager sans freiner son \u00e9lan, mais nous n\u2019avons pas su l\u2019aider \u00e0 ajuster sa vision pour qu\u2019elle reste r\u00e9aliste et r\u00e9alisable.<\/p>\n<p>R\u00e9sultat : son projet a \u00e9chou\u00e9, non pas par manque de comp\u00e9tences ou de volont\u00e9, mais parce qu\u2019il n\u2019avait pas \u00e9t\u00e9 suffisamment affin\u00e9.<\/p>\n<p>Cette exp\u00e9rience nous a profond\u00e9ment marqu\u00e9s et nous a appris l\u2019importance d\u2019un cadrage encore plus rigoureux. Aujourd\u2019hui, nous veillons \u00e0 accompagner chaque entrepreneur dans la construction de plans d\u2019action ambitieux, mais ancr\u00e9s dans une strat\u00e9gie pragmatique et mesurable.<\/p>\n<p class=\"has-vivid-red-color has-text-color has-link-color\"><strong>Pourquoi le mentorat et le coaching sont-ils essentiels, m\u00eame pour les entrepreneurs exp\u00e9riment\u00e9s ?<\/strong><\/p>\n<p>Diriger une entreprise est un exercice solitaire. M\u00eame les entrepreneurs les plus aguerris peuvent parfois manquer de recul sur leur propre situation ou avoir des angles morts dans leur prise de d\u00e9cision.<\/p>\n<p>Un mentor permet d\u2019avoir un mod\u00e8le, une source d\u2019inspiration qui aide \u00e0 mieux se projeter. Un coach, quant \u00e0 lui, agit comme un r\u00e9v\u00e9lateur de potentiel : il pousse \u00e0 se poser les bonnes questions, \u00e0 challenger ses croyances limitantes et \u00e0 explorer des strat\u00e9gies encore inexplor\u00e9es.<\/p>\n<p>Dans un monde en perp\u00e9tuelle \u00e9volution, il est essentiel de rester en apprentissage constant. Un bon coach permet d\u2019aller plus loin, plus vite, en \u00e9vitant les erreurs que d\u2019autres ont d\u00e9j\u00e0 commises.<\/p>\n<p class=\"has-vivid-red-color has-text-color has-link-color\"><strong>Comment concilier le d\u00e9veloppement personnel du dirigeant avec la croissance et la performance de l\u2019entreprise ?<\/strong><\/p>\n<p>Un entrepreneur est avant tout un leader. Sa capacit\u00e9 \u00e0 se d\u00e9velopper personnellement impacte directement son entreprise. Un dirigeant qui grandit, qui am\u00e9liore ses comp\u00e9tences en leadership et en gestion d\u2019\u00e9quipe, verra naturellement son entreprise en b\u00e9n\u00e9ficier.<\/p>\n<p>Trop souvent, les dirigeants se concentrent exclusivement sur les chiffres et les processus, oubliant que la cl\u00e9 du succ\u00e8s r\u00e9side aussi dans leur propre posture et dans leur capacit\u00e9 \u00e0 inspirer. Un bon leader sait f\u00e9d\u00e9rer, donner du sens et cr\u00e9er un environnement o\u00f9 chacun peut s\u2019\u00e9panouir. Une entreprise performante est le reflet d\u2019un dirigeant align\u00e9 avec sa vision et en phase avec son \u00e9quipe.<\/p>\n<p class=\"has-vivid-red-color has-text-color has-link-color\"><strong>Quelles strat\u00e9gies conseillez-vous aux entrepreneurs pour naviguer en p\u00e9riode de crise ?<\/strong><\/p>\n<p>La tentation en temps de crise est d\u2019adopter une posture d\u00e9fensive et de r\u00e9agir dans l\u2019urgence. Pourtant, c\u2019est pr\u00e9cis\u00e9ment \u00e0 ces moments-l\u00e0 qu\u2019il faut garder une vision long terme et \u00e9viter les d\u00e9cisions pr\u00e9cipit\u00e9es.<\/p>\n<p>Nous encourageons les entrepreneurs \u00e0 prendre du recul, \u00e0 se poser les bonnes questions :<\/p>\n<ul class=\"wp-block-list\">\n<li>\n<ul class=\"wp-block-list\">\n<li>Quelle est la finalit\u00e9 de mon entreprise au-del\u00e0 de cette crise ?<\/li>\n<\/ul>\n<\/li>\n<\/ul>\n<ul class=\"wp-block-list\">\n<li>\n<ul class=\"wp-block-list\">\n<li>Comment puis-je transformer cette difficult\u00e9 en opportunit\u00e9 ?<\/li>\n<\/ul>\n<\/li>\n<\/ul>\n<ul class=\"wp-block-list\">\n<li>\n<ul class=\"wp-block-list\">\n<li>Quels ajustements strat\u00e9giques puis-je mettre en place sans compromettre ma vision globale ?<\/li>\n<\/ul>\n<\/li>\n<\/ul>\n<p>Enfin, s\u2019entourer de personnes bienveillantes et exp\u00e9riment\u00e9es est essentiel pour ne pas affronter seul ces p\u00e9riodes d\u00e9licates.<\/p>\n<p class=\"has-vivid-red-color has-text-color has-link-color\"><strong>Quels sont vos mod\u00e8les ou figures inspirantes dans le monde de l\u2019entrepreneuriat ?<\/strong><\/p>\n<p>Je citerais Simon Sinek, qui a apport\u00e9 une nouvelle approche du leadership avec son concept du \u00ab\u00a0Why\u00a0\u00bb. Il nous rappelle que les leaders inspirants sont ceux qui placent le sens et la mission au c\u0153ur de leur entreprise. Son message est particuli\u00e8rement fort : le leadership n\u2019est pas un privil\u00e8ge, mais une responsabilit\u00e9.<\/p>\n<p>Dans nos accompagnements, il ne se passe pas trois s\u00e9ances sans que nous \u00e9voquions son approche. Son travail a profond\u00e9ment influenc\u00e9 notre mani\u00e8re de guider les entrepreneurs \u00e0 trouver leur v\u00e9ritable moteur et \u00e0 aligner leur entreprise sur des valeurs profondes.<\/p>\n<p class=\"has-vivid-red-color has-text-color has-link-color\"><strong>Si vous ne deviez donner qu\u2019un seul conseil \u00e0 un entrepreneur d\u00e9butant et un autre \u00e0 un entrepreneur exp\u00e9riment\u00e9, quels seraient-ils ?<\/strong><\/p>\n<p>\u00c0 un entrepreneur d\u00e9butant, je dirais : \u00ab\u00a0R\u00eavez grand, mais structurez votre parcours.\u00a0\u00bb Il est crucial de ne pas se laisser d\u00e9border par l\u2019enthousiasme du d\u00e9but et de suivre une m\u00e9thodologie claire : R\u00eave \u2013 Objectif Grand \u2013 Apprentissage \u2013 Plan \u2013 Action.<\/p>\n<p>\u00c0 un entrepreneur exp\u00e9riment\u00e9 : \u00ab\u00a0Ne cessez jamais d\u2019apprendre et de vous entourer des bonnes personnes.\u00a0\u00bb Le succ\u00e8s est un voyage, pas une destination. Les meilleurs entrepreneurs sont ceux qui continuent \u00e0 se remettre en question, \u00e0 \u00e9voluer et \u00e0 partager avec d\u2019autres leaders.<\/p>\t\t\t\t\t\t\t\t<\/div>\n\t\t\t\t<\/div>\n\t\t<div class=\"elementor-element elementor-element-c5898ef e-con-full e-flex e-con e-child\" data-id=\"c5898ef\" data-element_type=\"container\" data-e-type=\"container\">\n\t\t\t\t<div class=\"elementor-element elementor-element-00ec184 elementor-widget elementor-widget-image\" data-id=\"00ec184\" data-element_type=\"widget\" data-e-type=\"widget\" data-widget_type=\"image.default\">\n\t\t\t\t<div class=\"elementor-widget-container\">\n\t\t\t\t\t\t\t\t\t\t\t\t\t\t\t<img decoding=\"async\" width=\"563\" height=\"1024\" src=\"https:\/\/groupegz.fr\/wp-content\/uploads\/2025\/03\/coaching-563x1024.webp\" class=\"attachment-large size-large wp-image-590\" alt=\"\" srcset=\"https:\/\/groupegz.fr\/wp-content\/uploads\/2025\/03\/coaching-563x1024.webp 563w, https:\/\/groupegz.fr\/wp-content\/uploads\/2025\/03\/coaching-165x300.webp 165w, https:\/\/groupegz.fr\/wp-content\/uploads\/2025\/03\/coaching-768x1398.webp 768w, https:\/\/groupegz.fr\/wp-content\/uploads\/2025\/03\/coaching-844x1536.webp 844w, https:\/\/groupegz.fr\/wp-content\/uploads\/2025\/03\/coaching-1125x2048.webp 1125w, https:\/\/groupegz.fr\/wp-content\/uploads\/2025\/03\/coaching.webp 1363w\" sizes=\"(max-width: 563px) 100vw, 563px\" \/>\t\t\t\t\t\t\t\t\t\t\t\t\t\t\t<\/div>\n\t\t\t\t<\/div>\n\t\t\t\t<\/div>\n\t\t\t\t\t<\/div>\n\t\t\t\t<\/div>\n\t\t<div class=\"elementor-element elementor-element-493628f e-flex e-con-boxed e-con e-parent\" data-id=\"493628f\" data-element_type=\"container\" data-e-type=\"container\">\n\t\t\t\t\t<div class=\"e-con-inner\">\n\t\t<div class=\"elementor-element elementor-element-a6d31b7 e-con-full e-flex e-con e-child\" data-id=\"a6d31b7\" data-element_type=\"container\" data-e-type=\"container\">\n\t\t\t\t<div class=\"elementor-element elementor-element-340b95b elementor-view-default elementor-widget elementor-widget-icon\" data-id=\"340b95b\" data-element_type=\"widget\" data-e-type=\"widget\" data-widget_type=\"icon.default\">\n\t\t\t\t<div class=\"elementor-widget-container\">\n\t\t\t\t\t\t\t<div class=\"elementor-icon-wrapper\">\n\t\t\t<a class=\"elementor-icon\" href=\"https:\/\/groupegz.fr\/index.php\/2025\/03\/20\/action-coach-interview-marc-william-attie\/\">\n\t\t\t<svg aria-hidden=\"true\" class=\"e-font-icon-svg e-fas-arrow-alt-circle-left\" viewBox=\"0 0 512 512\" xmlns=\"http:\/\/www.w3.org\/2000\/svg\"><path d=\"M256 504C119 504 8 393 8 256S119 8 256 8s248 111 248 248-111 248-248 248zm116-292H256v-70.9c0-10.7-13-16.1-20.5-8.5L121.2 247.5c-4.7 4.7-4.7 12.2 0 16.9l114.3 114.9c7.6 7.6 20.5 2.2 20.5-8.5V300h116c6.6 0 12-5.4 12-12v-64c0-6.6-5.4-12-12-12z\"><\/path><\/svg>\t\t\t<\/a>\n\t\t<\/div>\n\t\t\t\t\t\t<\/div>\n\t\t\t\t<\/div>\n\t\t\t\t<\/div>\n\t\t<div class=\"elementor-element elementor-element-0793072 e-con-full e-flex e-con e-child\" data-id=\"0793072\" data-element_type=\"container\" data-e-type=\"container\">\n\t\t\t\t<div class=\"elementor-element elementor-element-444a2ee elementor-widget elementor-widget-heading\" data-id=\"444a2ee\" data-element_type=\"widget\" data-e-type=\"widget\" data-widget_type=\"heading.default\">\n\t\t\t\t<div class=\"elementor-widget-container\">\n\t\t\t\t\t<h3 class=\"elementor-heading-title elementor-size-default\">Magazine n\u00b016<\/h3>\t\t\t\t<\/div>\n\t\t\t\t<\/div>\n\t\t\t\t<div class=\"elementor-element elementor-element-38bda6f elementor-widget elementor-widget-heading\" data-id=\"38bda6f\" data-element_type=\"widget\" data-e-type=\"widget\" data-widget_type=\"heading.default\">\n\t\t\t\t<div class=\"elementor-widget-container\">\n\t\t\t\t\t<h5 class=\"elementor-heading-title elementor-size-default\"><a href=\"https:\/\/groupegz.fr\/index.php\/magazine-16\/\">Revenir au sommaire<\/a><\/h5>\t\t\t\t<\/div>\n\t\t\t\t<\/div>\n\t\t\t\t<\/div>\n\t\t<div class=\"elementor-element elementor-element-0e4f92e e-con-full e-flex e-con e-child\" data-id=\"0e4f92e\" data-element_type=\"container\" data-e-type=\"container\">\n\t\t\t\t<div class=\"elementor-element elementor-element-a8518d3 elementor-view-default elementor-widget elementor-widget-icon\" data-id=\"a8518d3\" data-element_type=\"widget\" data-e-type=\"widget\" data-widget_type=\"icon.default\">\n\t\t\t\t<div class=\"elementor-widget-container\">\n\t\t\t\t\t\t\t<div class=\"elementor-icon-wrapper\">\n\t\t\t<a class=\"elementor-icon\" href=\"https:\/\/groupegz.fr\/index.php\/2025\/03\/20\/groupegz-actioncoach-le-bizx-2024\/\">\n\t\t\t<svg aria-hidden=\"true\" class=\"e-font-icon-svg e-fas-arrow-alt-circle-right\" viewBox=\"0 0 512 512\" xmlns=\"http:\/\/www.w3.org\/2000\/svg\"><path d=\"M256 8c137 0 248 111 248 248S393 504 256 504 8 393 8 256 119 8 256 8zM140 300h116v70.9c0 10.7 13 16.1 20.5 8.5l114.3-114.9c4.7-4.7 4.7-12.2 0-16.9l-114.3-115c-7.6-7.6-20.5-2.2-20.5 8.5V212H140c-6.6 0-12 5.4-12 12v64c0 6.6 5.4 12 12 12z\"><\/path><\/svg>\t\t\t<\/a>\n\t\t<\/div>\n\t\t\t\t\t\t<\/div>\n\t\t\t\t<\/div>\n\t\t\t\t<\/div>\n\t\t\t\t\t<\/div>\n\t\t\t\t<\/div>\n\t\t\t\t<\/div>\n\t\t","protected":false},"excerpt":{"rendered":"<p>Magazine n\u00b016 Revenir au sommaire Regard d\u2019un franchis\u00e9 : Alexis Garcia Qu\u2019est-ce qui vous a personnellement pouss\u00e9 \u00e0 rejoindre ActionCOACH ? Quel a \u00e9t\u00e9 le&hellip;<\/p>\n","protected":false},"author":2,"featured_media":587,"comment_status":"closed","ping_status":"open","sticky":false,"template":"","format":"standard","meta":{"footnotes":""},"categories":[18],"tags":[],"class_list":["post-446","post","type-post","status-publish","format-standard","has-post-thumbnail","hentry","category-magazine-n16"],"_links":{"self":[{"href":"https:\/\/groupegz.fr\/index.php\/wp-json\/wp\/v2\/posts\/446","targetHints":{"allow":["GET"]}}],"collection":[{"href":"https:\/\/groupegz.fr\/index.php\/wp-json\/wp\/v2\/posts"}],"about":[{"href":"https:\/\/groupegz.fr\/index.php\/wp-json\/wp\/v2\/types\/post"}],"author":[{"embeddable":true,"href":"https:\/\/groupegz.fr\/index.php\/wp-json\/wp\/v2\/users\/2"}],"replies":[{"embeddable":true,"href":"https:\/\/groupegz.fr\/index.php\/wp-json\/wp\/v2\/comments?post=446"}],"version-history":[{"count":15,"href":"https:\/\/groupegz.fr\/index.php\/wp-json\/wp\/v2\/posts\/446\/revisions"}],"predecessor-version":[{"id":700,"href":"https:\/\/groupegz.fr\/index.php\/wp-json\/wp\/v2\/posts\/446\/revisions\/700"}],"wp:featuredmedia":[{"embeddable":true,"href":"https:\/\/groupegz.fr\/index.php\/wp-json\/wp\/v2\/media\/587"}],"wp:attachment":[{"href":"https:\/\/groupegz.fr\/index.php\/wp-json\/wp\/v2\/media?parent=446"}],"wp:term":[{"taxonomy":"category","embeddable":true,"href":"https:\/\/groupegz.fr\/index.php\/wp-json\/wp\/v2\/categories?post=446"},{"taxonomy":"post_tag","embeddable":true,"href":"https:\/\/groupegz.fr\/index.php\/wp-json\/wp\/v2\/tags?post=446"}],"curies":[{"name":"wp","href":"https:\/\/api.w.org\/{rel}","templated":true}]}}